{"id":2595,"date":"2014-02-12T18:12:20","date_gmt":"2014-02-12T23:12:20","guid":{"rendered":"http:\/\/www.circo212.org.mx\/circo2\/?p=2595"},"modified":"2014-03-25T15:03:06","modified_gmt":"2014-03-25T20:03:06","slug":"del-te-amo-al-no-me-acuerdo-en-cineclub-condesa","status":"publish","type":"post","link":"https:\/\/circo212.org.mx\/circo2\/?p=2595","title":{"rendered":"\u00abDel te amo al no me acuerdo\u00bb en Cineclub Condesa"},"content":{"rendered":"<h1 style=\"text-align: center;\"><\/h1>\n<p>&nbsp;<\/p>\n<h1 style=\"text-align: center;\"><strong>Del te amo al no me acuerdo<\/strong><\/h1>\n<p>&nbsp;<\/p>\n<h1 style=\"text-align: center;\"><strong>en\u00a0<\/strong><\/h1>\n<h1 style=\"text-align: center;\"><\/h1>\n<p>&nbsp;<\/p>\n<h1 style=\"text-align: center;\"><strong>Cineclub Condesa<\/strong><\/h1>\n<h1 style=\"text-align: center;\"><\/h1>\n<p><strong>\u00a0<\/strong><\/p>\n<p style=\"text-align: justify;\">Hollywood nos ha vendido la idea de que el romance en el cine debe manifestarse a trav\u00e9s de clich\u00e9s, historias rosas y finales felices.<\/p>\n<p style=\"text-align: justify;\">Por el contrario, la vida real nos golpea la cara una y otra vez cada que intentamos imitar las historias de Julia Roberts y Hugh Grant.<\/p>\n<p style=\"text-align: justify;\">Sin tanta miel, con menos grandilocuencia y sobre todo, sin tantas bodas, los seis t\u00edtulos que forman este ciclo intentan retratar de una manera m\u00e1s sensata los vericuetos de la vida rom\u00e1ntica de los terrenales logrando historias que, a trav\u00e9s de la caracter\u00edstica ligereza del g\u00e9nero, tocan tambi\u00e9n temas complejos y trascendentales.<\/p>\n<p style=\"text-align: justify;\">Y es que, \u00bfqui\u00e9n no ha padecido\/sido una Summer en alg\u00fan momento de la vida?<\/p>\n<p style=\"text-align: justify;\">Los esperamos cada lunes a las 20:00 horas en el s\u00f3tano del Hotel Condesa DF<\/p>\n<p><em>(Av. Veracruz 102, Col. Condesa)<\/em><\/p>\n<p>&nbsp;<\/p>\n<h3>Lunes 17 de febrero \u2013 8:00 p.m.<\/h3>\n<p><a href=\"http:\/\/i2.wp.com\/www.circo212.org.mx\/circo2\/wp-content\/uploads\/2012\/02\/La-ventana.jpg\"><img decoding=\"async\" alt=\"La ventana\" src=\"http:\/\/i2.wp.com\/www.circo212.org.mx\/circo2\/wp-content\/uploads\/2012\/02\/La-ventana.jpg?resize=300%2C195\" data-recalc-dims=\"1\" \/><\/a><\/p>\n<p><strong>La ventana de enfrente<\/strong>\u00a0(La finestra di fronte)<br \/>\nDir. Ferzan Ozpetek \/ Italia \/ 2003 \/ 106 min.<\/p>\n<p style=\"text-align: justify;\">Giovanna trabaja en una granja de pollos, cocina pasteles para un caf\u00e9 local y cuida a sus ni\u00f1os. Todo va bien hasta que su marido, con quien lleva casada nueve a\u00f1os, lleva a casa a un hombre amn\u00e9sico que encuentra en la calle. En su intento de ayudarle, Giovanna pasa cada vez m\u00e1s tiempo con \u00e9l y poco a poco va descubriendo su misterioso pasado. Cada vez m\u00e1s irritada con la pasividad de su marido, empieza a fijarse en el vecino de enfrente, en el que pone la esperanza de algo nuevo y excitante en su vida.<\/p>\n<h3>Lunes\u00a024 de febrero \u2013 8:00 p.m.<\/h3>\n<p><a href=\"http:\/\/i2.wp.com\/www.circo212.org.mx\/circo2\/wp-content\/uploads\/2012\/02\/500-d%C3%ADas.jpg\"><img decoding=\"async\" alt=\"500 d\u00edas\" src=\"http:\/\/i2.wp.com\/www.circo212.org.mx\/circo2\/wp-content\/uploads\/2012\/02\/500-d%C3%ADas.jpg?resize=300%2C168\" data-recalc-dims=\"1\" \/><\/a><\/p>\n<p><strong>500 d\u00edas con ella\u00a0<\/strong>(500 days of Summer)<br \/>\nDir. Mark Webb \/ EUA \/ 2009 \/ 95 min.<\/p>\n<p style=\"text-align: justify;\">Tom Hansen es un arquitecto que trabaja escribiendo tarjetas de felicitaci\u00f3n y que cree en el amor verdadero. Summer Finn dej\u00f3 de creer en esta concepci\u00f3n del amor en cuanto sus padres se divorciaron. Sus vidas se cruzar\u00e1n en cuanto ambos se conviertan en compa\u00f1eros de trabajo y Tom har\u00e1 todo lo posible para que ella crea en el amor del mismo modo que \u00e9l. Cuando Summer decide terminar su relaci\u00f3n, \u00e9l repasar\u00e1 los 500 d\u00edas que pasaron juntos para saber qu\u00e9 hizo mal y as\u00ed intentar recuperarla.<\/p>\n<h3>Lunes 3 de marzo \u2013 8:00 p.m.<\/h3>\n<p><a href=\"http:\/\/i2.wp.com\/www.circo212.org.mx\/circo2\/wp-content\/uploads\/2012\/02\/Plan-B.jpg\"><img decoding=\"async\" alt=\"Plan B\" src=\"http:\/\/i2.wp.com\/www.circo212.org.mx\/circo2\/wp-content\/uploads\/2012\/02\/Plan-B.jpg?resize=300%2C200\" data-recalc-dims=\"1\" \/><\/a><\/p>\n<p><strong>Plan B<\/strong><br \/>\nDir. Marco Berger \/ Argentina \/ 2009 \/ 106 min.<\/p>\n<p style=\"text-align: justify;\">Bruno se entera de que Laura, su ex novia, est\u00e1 saliendo con alguien llamado Pablo. Empe\u00f1ado en recuperarla comienza a idear un plan,\u00a0 en principio, pretende hacerse amigo de Pablo, con la idea de erosionar la pareja present\u00e1ndole a otra mujer. Gracias a una amiga en com\u00fan, Bruno se entera de que Pablo tuvo una relaci\u00f3n en el pasado con un hombre y que es muy abierto en ese tema. Es ah\u00ed cuando surge la posibilidad de un plan B: que Bruno seduzca a Pablo para que \u00e9ste se distancie de Laura. Las cosas se complican cuando Bruno comienza a sentirse cada vez m\u00e1s a gusto con Pablo.<\/p>\n<h3>Lunes 10 de marzo \u2013 8:00 p.m.<\/h3>\n<p><a href=\"http:\/\/i0.wp.com\/www.circo212.org.mx\/circo2\/wp-content\/uploads\/2012\/02\/AzulOscuro.jpg\"><img decoding=\"async\" alt=\"AzulOscuro\" src=\"http:\/\/i0.wp.com\/www.circo212.org.mx\/circo2\/wp-content\/uploads\/2012\/02\/AzulOscuro.jpg?resize=300%2C200\" data-recalc-dims=\"1\" \/><\/a><\/p>\n<p><strong>AzulOscuroCasiNegro<\/strong><br \/>\nDir. Daniel S\u00e1nchez Ar\u00e9valo \/ Espa\u00f1a \/ 2006 \/ 105 min.<\/p>\n<p style=\"text-align: justify;\">Jorge es un veintea\u00f1ero que trabaja como portero de un edificio para sostener a su padre, quien ha quedado inv\u00e1lido tras sufrir un infarto cerebral. Jorge despu\u00e9s de varios a\u00f1os y mucho esfuerzo termina una carrera y aspira a poder trabajar en un puesto acorde a sus estudios. Mientras tanto su hermano Antonio, que est\u00e1 encarcelado, le pide que deje embarazada a una reclusa de la que se enamor\u00f3 llamada Paula. Jorge y Paula entablan una extra\u00f1a relaci\u00f3n que lo impulsa a dejar de sentirse responsable de todo y a tener en cuenta sus propios deseos.<\/p>\n<h3>Lunes 17 de marzo \u2013 8:00 p.m.<\/h3>\n<h3><a href=\"http:\/\/i2.wp.com\/www.circo212.org.mx\/circo2\/wp-content\/uploads\/2012\/02\/t%C3%BA-yo.jpg\"><img decoding=\"async\" alt=\"t\u00fa-yo\" src=\"http:\/\/i2.wp.com\/www.circo212.org.mx\/circo2\/wp-content\/uploads\/2012\/02\/t%C3%BA-yo.jpg?resize=300%2C163\" data-recalc-dims=\"1\" \/><\/a><\/h3>\n<p><strong>T\u00fa, yo y todos los dem\u00e1s<\/strong>\u00a0(Me and you and everyone we know)<br \/>\nDir. Miranda July \/ EUA \/ 2005 \/ 95 min.<\/p>\n<p style=\"text-align: justify;\">Christine Jesperson trabaja como taxista para personas mayores, aunque su verdadera pasi\u00f3n es el arte, a trav\u00e9s del cual expresa sus fantas\u00edas y sus deseos m\u00e1s ocultos. Richard Swersey tiene dos hijos y trabaja como dependiente de una zapater\u00eda, se separ\u00f3 de su mujer y cuando conoce a Christine sabe que ha vuelto a enamorarse. A pesar de su inter\u00e9s por Christine, Richard debe concentrarse en sus hijos, ya que el mayor, Peter de catorce a\u00f1os, es el rat\u00f3n de laboratorio de unas vecinas que le utilizan como preparaci\u00f3n para futuros romances, mientras que el peque\u00f1o, Robby de siete a\u00f1os, mantiene una peligrosa relaci\u00f3n por Internet.<\/p>\n<h3>Lunes\u00a024 de marzo \u2013 8:00 p.m.<\/h3>\n<p><a href=\"http:\/\/i0.wp.com\/www.circo212.org.mx\/circo2\/wp-content\/uploads\/2012\/02\/PunchDrunk.jpg\"><img decoding=\"async\" alt=\"PunchDrunk\" src=\"http:\/\/i0.wp.com\/www.circo212.org.mx\/circo2\/wp-content\/uploads\/2012\/02\/PunchDrunk.jpg?resize=300%2C200\" data-recalc-dims=\"1\" \/><\/a><\/p>\n<p><strong>Embriagado de amor<\/strong>\u00a0(Punch-Drunk Love)<br \/>\nDir. Paul Thomas Anderson \/ EUA \/ 2002 \/ 95 min.<\/p>\n<p style=\"text-align: justify;\">Barry Egan es un hombre solitario y poco sociable que fue educado entre siete hermanas. La sobreprotecci\u00f3n que se le dispens\u00f3 desde ni\u00f1o le ha impedido enamorarse, hasta que conoce a una afable mujer que entra en su infeliz vida y as\u00ed comienza a tomar forma un surreal romance que s\u00f3lo culminar\u00e1 si la pareja encuentra el modo de asimilar la fr\u00e1gil condici\u00f3n mental de Barry.<\/p>\n<p style=\"text-align: justify;\">\n","protected":false},"excerpt":{"rendered":"<p>&nbsp; Del te amo al no me acuerdo &nbsp; en\u00a0 &nbsp; Cineclub Condesa \u00a0 Hollywood nos ha vendido la idea de que el romance en el cine debe manifestarse a trav\u00e9s de clich\u00e9s, historias rosas y finales felices. Por el contrario, la vida real nos golpea la cara una y otra vez cada que intentamos [&hellip;]<\/p>\n","protected":false},"author":9,"featured_media":2597,"comment_status":"open","ping_status":"open","sticky":false,"template":"","format":"standard","meta":{"jetpack_post_was_ever_published":false,"_jetpack_newsletter_access":"","_jetpack_dont_email_post_to_subs":false,"_jetpack_newsletter_tier_id":0,"_jetpack_memberships_contains_paywalled_content":false,"_jetpack_memberships_contains_paid_content":false,"footnotes":"","jetpack_publicize_message":"","jetpack_publicize_feature_enabled":true,"jetpack_social_post_already_shared":true,"jetpack_social_options":{"image_generator_settings":{"template":"highway","enabled":false},"version":2}},"categories":[10,1,34],"tags":[15,16,14,11,20,21,12,67,69,68],"class_list":["post-2595","post","type-post","status-publish","format-standard","has-post-thumbnail","hentry","category-calendario","category-ciclos-de-cine","category-cineclub-condesadf-2","tag-cine","tag-cineclub","tag-cineclub-condesadf","tag-circo-2-12","tag-circo-2012","tag-circo-212","tag-circo212","tag-del-te-amo-al-no-me-acuerdo","tag-hotel-condesa","tag-hotel-condesa-df"],"jetpack_publicize_connections":[],"aioseo_notices":[],"jetpack_featured_media_url":"https:\/\/circo212.org.mx\/circo2\/wp-content\/uploads\/2014\/02\/DEL-TE-AMO-BANNER-01.jpg","jetpack_sharing_enabled":true,"jetpack_shortlink":"https:\/\/wp.me\/p3e33F-FR","_links":{"self":[{"href":"https:\/\/circo212.org.mx\/circo2\/index.php?rest_route=\/wp\/v2\/posts\/2595","targetHints":{"allow":["GET"]}}],"collection":[{"href":"https:\/\/circo212.org.mx\/circo2\/index.php?rest_route=\/wp\/v2\/posts"}],"about":[{"href":"https:\/\/circo212.org.mx\/circo2\/index.php?rest_route=\/wp\/v2\/types\/post"}],"author":[{"embeddable":true,"href":"https:\/\/circo212.org.mx\/circo2\/index.php?rest_route=\/wp\/v2\/users\/9"}],"replies":[{"embeddable":true,"href":"https:\/\/circo212.org.mx\/circo2\/index.php?rest_route=%2Fwp%2Fv2%2Fcomments&post=2595"}],"version-history":[{"count":9,"href":"https:\/\/circo212.org.mx\/circo2\/index.php?rest_route=\/wp\/v2\/posts\/2595\/revisions"}],"predecessor-version":[{"id":2696,"href":"https:\/\/circo212.org.mx\/circo2\/index.php?rest_route=\/wp\/v2\/posts\/2595\/revisions\/2696"}],"wp:featuredmedia":[{"embeddable":true,"href":"https:\/\/circo212.org.mx\/circo2\/index.php?rest_route=\/wp\/v2\/media\/2597"}],"wp:attachment":[{"href":"https:\/\/circo212.org.mx\/circo2\/index.php?rest_route=%2Fwp%2Fv2%2Fmedia&parent=2595"}],"wp:term":[{"taxonomy":"category","embeddable":true,"href":"https:\/\/circo212.org.mx\/circo2\/index.php?rest_route=%2Fwp%2Fv2%2Fcategories&post=2595"},{"taxonomy":"post_tag","embeddable":true,"href":"https:\/\/circo212.org.mx\/circo2\/index.php?rest_route=%2Fwp%2Fv2%2Ftags&post=2595"}],"curies":[{"name":"wp","href":"https:\/\/api.w.org\/{rel}","templated":true}]}}