{"id":3766,"date":"2015-10-29T12:21:44","date_gmt":"2015-10-29T17:21:44","guid":{"rendered":"http:\/\/www.circo212.org.mx\/circo2\/?p=3766"},"modified":"2015-11-26T17:05:09","modified_gmt":"2015-11-26T22:05:09","slug":"visor-en-cineclub-revolucion","status":"publish","type":"post","link":"https:\/\/circo212.org.mx\/circo2\/?p=3766","title":{"rendered":"VISOR en Cineclub Revoluci\u00f3n"},"content":{"rendered":"<h1 style=\"text-align: center;\"><span style=\"color: #000000;\">VISOR <\/span><\/h1>\n<p>&nbsp;<\/p>\n<h1 style=\"text-align: center;\"><span style=\"color: #000000;\">en <\/span><\/h1>\n<p>&nbsp;<\/p>\n<h1 style=\"text-align: center;\"><span style=\"color: #000000;\">Cineclub Revoluci\u00f3n<\/span><\/h1>\n<p>&nbsp;<\/p>\n<p style=\"text-align: justify;\"><span style=\"color: #000000;\">El Festival \u201cVISOR. Mes del Cine Documental Franc\u00e9s &#8211; Focus M\u00e9xico\u201d nace en 2014, con el objetivo de crear un intercambio cultural entre Francia y M\u00e9xico a trav\u00e9s de la difusi\u00f3n y promoci\u00f3n del cine documental mexicano y franc\u00e9s. VISOR se inscribe en la manifestaci\u00f3n internacional \u201cMes del documental\u201d, que organiza la asociaci\u00f3n francesa Im\u00e1genes en Bibliotecas (Images en Biblioth\u00e8ques) que pretende expandir los espacios de difusi\u00f3n del g\u00e9nero documental.<\/span><\/p>\n<p style=\"text-align: justify;\"><span style=\"color: #000000;\">\u201cVISOR. Mes del Cine Documental Franc\u00e9s &#8211; Focus M\u00e9xico\u201d se lleva a cabo en la capital y tiene una itinerancia en otros Estados de la Rep\u00fablica, en cines y centros culturales de los estados de: Oaxaca, Baja California, Yucat\u00e1n, Nuevo Le\u00f3n y Morelos. Simult\u00e1neamente organiza en Par\u00eds, Francia, el Festival \u201cVISEUR: Semana del Cine Documental Mexicano\u201d, dedicado a la difusi\u00f3n y promoci\u00f3n del cine documental nacional.<\/span><\/p>\n<p style=\"text-align: justify;\"><span style=\"color: #000000;\">\u201cVISOR\u201d es as\u00ed el primer festival bilateral de cine entre ambos pa\u00edses y se consolida como una plataforma que difunde y promociona la cultura mexicana, fomenta el intercambio cultural, la formaci\u00f3n de p\u00fablico y el des- cubrimiento de nuevas cinematograf\u00edas y universos. Esta iniciativa apoya la exhibici\u00f3n de pel\u00edculas de calidad con un particular sello de autor, muchas veces in\u00e9ditas en el pa\u00eds o con poca difusi\u00f3n en M\u00e9xico y genera una manifestaci\u00f3n cultural cinematogr\u00e1fica que acerca el cine a la ciudadan\u00eda.<\/span><\/p>\n<p style=\"text-align: justify;\"><span style=\"color: #000000;\">\u201cVISOR. Mes del Cine Documental Franc\u00e9s &#8211; Focus M\u00e9xico\u201d es una muestra que propone una selecci\u00f3n de 5 pel\u00edculas documentales mexicanas y de 12 documentales franceses o coproducidos con Francia. Las pel\u00edculas se agrupan en tres programas tem\u00e1ticos: Alteridades, Juventudes y Quiebres con coproducciones francesas y en un Focus M\u00e9xico, con producciones nacionales.<\/span><\/p>\n<p style=\"text-align: justify;\"><span style=\"color: #000000;\">Estos 4 programas nos permiten ahondar en problem\u00e1ticas universales e historias nacionales que susciten el inter\u00e9s del p\u00fablico mexicano.<\/span><\/p>\n<p style=\"text-align: justify;\"><span style=\"color: #000000;\">En Cineclub Revoluci\u00f3n presentaremos el programa QUIEBRES:<\/span><\/p>\n<p style=\"text-align: justify;\"><span style=\"color: #000000;\">Toda vida en sociedad implica di\u00e1logo, convivencia, transgresi\u00f3n, defensa. Hoy, nuevas formas de organizaci\u00f3n logran tener cabida, intentando prevalecer la libertad, pero tambi\u00e9n rompiendo con lo preestablecido. En todas las escenas, mantener el equilibrio social nunca es f\u00e1cil; las posibilidades son m\u00faltiples. Argentina, Brasil, Egipto, Rusia, diversos universos donde el ser humano se confronta a la organizaci\u00f3n laboral, a la vida en comunidad, al poder, a falsas democracias.<\/span><\/p>\n<p style=\"text-align: center;\"><span style=\"color: #000000;\">Los esperamos los martes de noviembre en el auditorio del Museo de Arte Carrillo Gil\u00a0 para las siguientes funciones gratuitas:<\/span><\/p>\n<h3 style=\"text-align: justify;\"><span style=\"color: #000000;\">Martes 3 de noviembre \u2013 20:00 hrs.<\/span><\/h3>\n<p style=\"text-align: justify;\"><a href=\"http:\/\/www.circo212.org.mx\/circo2\/wp-content\/uploads\/2015\/10\/sangre-de-mi-sangre4.jpg\"><img loading=\"lazy\" decoding=\"async\" class=\"alignnone size-medium wp-image-3767\" src=\"http:\/\/www.circo212.org.mx\/circo2\/wp-content\/uploads\/2015\/10\/sangre-de-mi-sangre4-300x134.jpg\" alt=\"sangre de mi sangre4\" width=\"300\" height=\"134\" srcset=\"https:\/\/circo212.org.mx\/circo2\/wp-content\/uploads\/2015\/10\/sangre-de-mi-sangre4-300x134.jpg 300w, https:\/\/circo212.org.mx\/circo2\/wp-content\/uploads\/2015\/10\/sangre-de-mi-sangre4.jpg 610w\" sizes=\"auto, (max-width: 300px) 100vw, 300px\" \/><br \/>\n<\/a><strong><span style=\"color: #000000;\">Sangre de mi sangre<\/span><\/strong><br \/>\n<span style=\"color: #000000;\"> Dir. J\u00e9r\u00e9mie Reichenbagh \/ Francia-Argentina \/ 2014 \/ 77 min.<\/span><\/p>\n<p style=\"text-align: justify;\"><span style=\"color: #000000;\">En Argentina, Tato vive rodeado por\u2028su madre, su abuela y sus t\u00edos. A los\u202820 a\u00f1os descubre el trabajo en el matadero. Sin patr\u00f3n, gestionado por\u2028los trabajadores, el recinto acoge los animales y las discusiones calurosas de los obreros. Una historia de familia, de trabajo, de la lucha y de la vida divertida, conmovedora y estrepitosa de una nueva generaci\u00f3n.<\/span><\/p>\n<h3 style=\"text-align: justify;\"><span style=\"color: #000000;\">Martes 10 de noviembre \u2013 20:00 hrs.<\/span><\/h3>\n<p style=\"text-align: justify;\"><a href=\"http:\/\/www.circo212.org.mx\/circo2\/wp-content\/uploads\/2015\/10\/tierras-altas-2.jpg\"><img loading=\"lazy\" decoding=\"async\" class=\"alignnone size-full wp-image-3768\" src=\"http:\/\/www.circo212.org.mx\/circo2\/wp-content\/uploads\/2015\/10\/tierras-altas-2.jpg\" alt=\"tierras altas 2\" width=\"280\" height=\"157\" \/><br \/>\n<\/a><strong><span style=\"color: #000000;\">Tierras Altas<\/span><\/strong><br \/>\n<span style=\"color: #000000;\"> Dir. Marie Peirre Br\u00eatas \/ Francia \u2013 Brasil \/ 2014 \/ 87 min.<\/span><\/p>\n<p style=\"text-align: justify;\"><span style=\"color: #000000;\">En el Nordeste de Brasil, varias familias campesinas obtienen una propiedad luego de haber pasado 4 a\u00f1os luchando con el apoyo del sindicato de los \u0308sin tierra \u0308. Una vez empoderados, deber\u00e1n confrontarse a la gesti\u00f3n colectiva y a la construcci\u00f3n de un sistema de representaci\u00f3n, tarea que parece ser aun m\u00e1s dif\u00edcil.<\/span><\/p>\n<h3 style=\"text-align: justify;\"><span style=\"color: #000000;\">Martes 17 de noviembre \u2013 20:00 hrs.<\/span><\/h3>\n<p style=\"text-align: justify;\"><a href=\"http:\/\/www.circo212.org.mx\/circo2\/wp-content\/uploads\/2015\/10\/yo-soy-el-pueblo2.jpg\"><img loading=\"lazy\" decoding=\"async\" class=\"alignnone size-medium wp-image-3769\" src=\"http:\/\/www.circo212.org.mx\/circo2\/wp-content\/uploads\/2015\/10\/yo-soy-el-pueblo2-300x169.jpg\" alt=\"yo soy el pueblo2\" width=\"300\" height=\"169\" srcset=\"https:\/\/circo212.org.mx\/circo2\/wp-content\/uploads\/2015\/10\/yo-soy-el-pueblo2-300x169.jpg 300w, https:\/\/circo212.org.mx\/circo2\/wp-content\/uploads\/2015\/10\/yo-soy-el-pueblo2-1024x576.jpg 1024w, https:\/\/circo212.org.mx\/circo2\/wp-content\/uploads\/2015\/10\/yo-soy-el-pueblo2.jpg 1500w\" sizes=\"auto, (max-width: 300px) 100vw, 300px\" \/><\/a><br \/>\n<strong><span style=\"color: #000000;\"> Yo soy el pueblo<\/span><\/strong><br \/>\n<span style=\"color: #000000;\"> Dir. Anna Roussillon \/ Francia-Egipto \/ 2014 \/ 111 min.<\/span><\/p>\n<p style=\"text-align: justify;\"><span style=\"color: #000000;\">En Enero 2011 explotan en Egipto las manifestaciones antigubernamentales. Miles de personas se reagrupan en las calles de El Cairo mientras que otros siguen la revuelta a trav\u00e9s de sus pantallas de televisi\u00f3n. Desde la salida del presidente Moubarak hasta la elecci\u00f3n de Mohamed Morsi, entre esperanza y decepci\u00f3n, el cambio total se hace esperar.<\/span><\/p>\n<h3 style=\"text-align: justify;\"><span style=\"color: #000000;\">Martes 24 de noviembre \u2013 20:00 hrs.<\/span><\/h3>\n<p><a href=\"http:\/\/www.circo212.org.mx\/circo2\/wp-content\/uploads\/2015\/10\/las-almas-latentes.jpg\"><img loading=\"lazy\" decoding=\"async\" class=\"alignnone size-medium wp-image-3770\" src=\"http:\/\/www.circo212.org.mx\/circo2\/wp-content\/uploads\/2015\/10\/las-almas-latentes-283x300.jpg\" alt=\"las almas latentes\" width=\"283\" height=\"300\" srcset=\"https:\/\/circo212.org.mx\/circo2\/wp-content\/uploads\/2015\/10\/las-almas-latentes-283x300.jpg 283w, https:\/\/circo212.org.mx\/circo2\/wp-content\/uploads\/2015\/10\/las-almas-latentes.jpg 600w\" sizes=\"auto, (max-width: 283px) 100vw, 283px\" \/><br \/>\n<\/a><strong><span style=\"color: #000000;\">Las almas latentes<\/span><\/strong><br \/>\n<span style=\"color: #000000;\"> Dir. Alexandres Abaturov Francia \/ 2013 \/ 52 min.<\/span><\/p>\n<p style=\"text-align: justify;\"><span style=\"color: #000000;\">En un refugio en las lejos de Mosc\u00fa, los residentes se cruzan en las escaleras, renuentes a hablar sobre la actual campa\u00f1a para la elecci\u00f3n del pr\u00f3ximo presidente. Afuera, la ciudad vive al ritmo del fr\u00edo, s\u00f3lo el sonido de la radio se hace eco de las manifestaciones antigubernamentales en la capital. Estas im\u00e1genes de un pueblo se mezclan con las de los activistas pro Putin.<\/span><\/p>\n<h3 style=\"text-align: justify;\"><\/h3>\n","protected":false},"excerpt":{"rendered":"<p>VISOR &nbsp; en &nbsp; Cineclub Revoluci\u00f3n &nbsp; El Festival \u201cVISOR. Mes del Cine Documental Franc\u00e9s &#8211; Focus M\u00e9xico\u201d nace en 2014, con el objetivo de crear un intercambio cultural entre Francia y M\u00e9xico a trav\u00e9s de la difusi\u00f3n y promoci\u00f3n del cine documental mexicano y franc\u00e9s. VISOR se inscribe en la manifestaci\u00f3n internacional \u201cMes del [&hellip;]<\/p>\n","protected":false},"author":9,"featured_media":3769,"comment_status":"open","ping_status":"open","sticky":false,"template":"","format":"standard","meta":{"jetpack_post_was_ever_published":false,"_jetpack_newsletter_access":"","_jetpack_dont_email_post_to_subs":false,"_jetpack_newsletter_tier_id":0,"_jetpack_memberships_contains_paywalled_content":false,"_jetpack_memberships_contains_paid_content":false,"footnotes":"","jetpack_publicize_message":"","jetpack_publicize_feature_enabled":true,"jetpack_social_post_already_shared":false,"jetpack_social_options":{"image_generator_settings":{"template":"highway","enabled":false},"version":2}},"categories":[10,1,4],"tags":[81,144,102,56,15,117,16,22,11,20,21,12,207,101,80,208,91,206,205],"class_list":["post-3766","post","type-post","status-publish","format-standard","has-post-thumbnail","hentry","category-calendario","category-ciclos-de-cine","category-cineclub-revolucion","tag-nuevociclo","tag-nuevociclocirco","tag-carrillo_gil","tag-ccrevolucion","tag-cine","tag-cine-frances-contemporaneo","tag-cineclub","tag-cineclub-revolucion-2","tag-circo-2-12","tag-circo-2012","tag-circo-212","tag-circo212","tag-frances","tag-museo-de-arte-carrillo-gil","tag-nuevo-ciclo","tag-quiebres","tag-twitter-cineclub-revolucion","tag-visor","tag-visor-en-cineclub-revolucion"],"jetpack_publicize_connections":[],"aioseo_notices":[],"jetpack_featured_media_url":"https:\/\/circo212.org.mx\/circo2\/wp-content\/uploads\/2015\/10\/yo-soy-el-pueblo2.jpg","jetpack_sharing_enabled":true,"jetpack_shortlink":"https:\/\/wp.me\/p3e33F-YK","_links":{"self":[{"href":"https:\/\/circo212.org.mx\/circo2\/index.php?rest_route=\/wp\/v2\/posts\/3766","targetHints":{"allow":["GET"]}}],"collection":[{"href":"https:\/\/circo212.org.mx\/circo2\/index.php?rest_route=\/wp\/v2\/posts"}],"about":[{"href":"https:\/\/circo212.org.mx\/circo2\/index.php?rest_route=\/wp\/v2\/types\/post"}],"author":[{"embeddable":true,"href":"https:\/\/circo212.org.mx\/circo2\/index.php?rest_route=\/wp\/v2\/users\/9"}],"replies":[{"embeddable":true,"href":"https:\/\/circo212.org.mx\/circo2\/index.php?rest_route=%2Fwp%2Fv2%2Fcomments&post=3766"}],"version-history":[{"count":6,"href":"https:\/\/circo212.org.mx\/circo2\/index.php?rest_route=\/wp\/v2\/posts\/3766\/revisions"}],"predecessor-version":[{"id":3783,"href":"https:\/\/circo212.org.mx\/circo2\/index.php?rest_route=\/wp\/v2\/posts\/3766\/revisions\/3783"}],"wp:featuredmedia":[{"embeddable":true,"href":"https:\/\/circo212.org.mx\/circo2\/index.php?rest_route=\/wp\/v2\/media\/3769"}],"wp:attachment":[{"href":"https:\/\/circo212.org.mx\/circo2\/index.php?rest_route=%2Fwp%2Fv2%2Fmedia&parent=3766"}],"wp:term":[{"taxonomy":"category","embeddable":true,"href":"https:\/\/circo212.org.mx\/circo2\/index.php?rest_route=%2Fwp%2Fv2%2Fcategories&post=3766"},{"taxonomy":"post_tag","embeddable":true,"href":"https:\/\/circo212.org.mx\/circo2\/index.php?rest_route=%2Fwp%2Fv2%2Ftags&post=3766"}],"curies":[{"name":"wp","href":"https:\/\/api.w.org\/{rel}","templated":true}]}}